{"id":7883,"date":"2020-06-18T07:47:41","date_gmt":"2020-06-18T12:47:41","guid":{"rendered":"https:\/\/www.ask-a-muslim.com\/?p=7883"},"modified":"2020-06-30T05:59:55","modified_gmt":"2020-06-30T10:59:55","slug":"prosternacion-por-equivocacion-u-olvido","status":"publish","type":"post","link":"https:\/\/www.ask-a-muslim.com\/es\/prosternacion-por-equivocacion-u-olvido\/","title":{"rendered":"Prosternaci\u00f3n por equivocaci\u00f3n u olvido"},"content":{"rendered":"<p>Son dos prosternaciones que se hacen en la oraci\u00f3n obligatoria o voluntaria. Se las hace desde la posici\u00f3n sentado y se realiza el saludo despu\u00e9s de las mismas, y no les sigue otro Tashahhud.<\/p>\n<p>&nbsp;<\/p>\n<h4>\n<strong>La sabidur\u00eda de su prescripci\u00f3n<\/strong><\/h4>\n<p>Al\u00e1h cre\u00f3 al hombre con una naturaleza olvidadiza, y Satan\u00e1s siempre intenta arruinar las oraciones una adici\u00f3n, una omisi\u00f3n o una duda. Por ello, Al\u00e1h prescribi\u00f3 el Suyud As-Sahu para desalentar a Satan\u00e1s, compensar las faltas de Sus siervos y que de este modo alcancen Su complacencia.<\/p>\n<p>El olvido durante la oraci\u00f3n le ocurri\u00f3 al mismo Profeta r, porque olvidarse es la naturaleza del ser humano. Cuando esto le ocurri\u00f3 dijo: \u201cCiertamente soy un hombre como ustedes y me olvido como ustedes se olvidan. Cuando me olvide algo, recu\u00e9rdenmelo\u201d.<\/p>\n<p>Los motivos para hacer Suyud As-Sahu son tres: Adici\u00f3n, omisi\u00f3n y duda<br \/>\nSuyud As-Sahu tiene cuatro casos:<\/p>\n<p>1. Si el orante adiciona una de las acciones propias de la oraci\u00f3n involuntariamente, como un Ruku\u2018 o un Suyud por ejemplo. Es decir que hace dos inclinaciones, se levanta en lugar de permanecer sentado o reza cinco Raka\u2018at en lugar de cuatro. En este caso debe hacer Suyud As-Sahu por la adici\u00f3n despu\u00e9s del saludo, sin importar si lo record\u00f3 antes o despu\u00e9s del saludo.<\/p>\n<p>2. Si el orante omite uno de los pilares de la oraci\u00f3n. En este caso, si lo recuerda antes de llegar al mismo punto de la siguiente Rak\u2018ah debe volver, hacerlo y continuar con la oraci\u00f3n. Si lo recuerda cuando ya lleg\u00f3 al mismo punto de la siguiente Rak\u2018ah, ya no debe volver sino que la Rak\u2018ah con la omisi\u00f3n queda anulada. Si lo recuerda despu\u00e9s del saludo, debe realizar lo omitido y repetir lo que le sigue solamente, y finalmente hace Suyud As-Sahu despu\u00e9s del saludo. Quien pronuncia el saludo, terminando la oraci\u00f3n cuando todav\u00eda est\u00e1 incompleto, como quien saluda despu\u00e9s de la tercera Rak\u2018ah en un oraci\u00f3n de cuatro y se le avisa, debe levantarse sin pronunciar el Takbir y con intenci\u00f3n de seguir su oraci\u00f3n, hacer la cuarta Rak\u2018ah, el Tashahhud final y el saludo, y finalmente el Suyud-As Sahu.<\/p>\n<p>3. Si el orante olvida una de las obligaciones de la oraci\u00f3n, como el primer Tashahhud, no tiene la obligaci\u00f3n de reponerlo sino que debe hacer Suyud As-Sahu antes del saludo.<\/p>\n<p>4. Si el orante duda del n\u00famero de Raka\u2018at que ha rezado, si rez\u00f3 tres o cuatro por ejemplo, debe atenerse al n\u00famero menor, completar su oraci\u00f3n y hacer Suyud As-Sahu antes del saludo. Y si una de las dos posibilidades se le hace m\u00e1s probable, se atendr\u00e1 a esa y har\u00e1 Suyud As-Sahu despu\u00e9s del saludo.<\/p>\n<p>Si dice algo prescrito para la oraci\u00f3n, pero lo hace fuera de lugar, como recitar Cor\u00e1n durante el Ruku\u2018 o el Suyud o el Tashahhud durante la posici\u00f3n de pie, esto no invalida su oraci\u00f3n y no es obligatorio hacer Suyud As-Sahu sino que es recomendable.<\/p>\n<p>Si el Ma&#8217;mum se reatrasa del Im\u00e1m por un pilar o m\u00e1s con motivo, deber\u00e1 hacer este pilar y alcanzar al Im\u00e1m.<\/p>\n<p>&nbsp;<\/p>\n<h4>\n<strong>Qu\u00e9 se dice durante el Suyud As-Sahu<\/strong><\/h4>\n<p>En el Suyud As-Sahu se dice lo mismo que en el Suyud regular.<\/p>\n<p>Si la persona pronuncia la salutaci\u00f3n y termina su oraci\u00f3n antes de lo debido, entonces si lo nota al instante completar\u00e1 su oraci\u00f3n, har\u00e1 la salutaci\u00f3n y por \u00faltimo har\u00e1 el Suyud As-Sahu. Y si olvida hacer Suyud As-Sahu y realiza algo que no es de la oraci\u00f3n, como hablar por ejemplo, har\u00e1 Suyud As-Sahu y despu\u00e9s pronunciar\u00e1 la salutaci\u00f3n nuevamente.<\/p>\n<p>Si debe hacer Suyud As-Sahu dos veces, una antes del saludo y otra despu\u00e9s, lo har\u00e1 antes del saludo solamente.<\/p>\n<p>El Ma&#8217;mum debe seguir todos los movimientos de su Im\u00e1m. Si el Ma&#8217;mum es alguien que se uni\u00f3 con retraso a la oraci\u00f3n grupal y el Im\u00e1m hace Suyud As-Sahu despu\u00e9s del saludo, si el olvido del Im\u00e1m ocurri\u00f3 mientras rezaba detr\u00e1s de \u00e9l, entonces debe hacer Suyud As-Sahu con el Im\u00e1m. En cambio, si el olvido fue durante su retraso, no est\u00e1 obligado a hacer Suyud As-Sahu.<\/p>\n<p>&nbsp;<\/p>\n<hr \/>\n<p>Source: https:\/\/www.islamland.com\/esp\/articles\/prosternacion-por-equivocacion-u-olvido<\/p>\n","protected":false},"excerpt":{"rendered":"<p>Son dos prosternaciones que se hacen en la oraci\u00f3n obligatoria o voluntaria. Se las hace desde la posici\u00f3n sentado y se realiza el saludo despu\u00e9s de las mismas, y no les sigue otro Tashahhud. &nbsp; La sabidur\u00eda de su prescripci\u00f3n Al\u00e1h cre\u00f3 al hombre con una naturaleza olvidadiza, y Satan\u00e1s siempre intenta arruinar las oraciones &#8230; <a title=\"Prosternaci\u00f3n por equivocaci\u00f3n u olvido\" class=\"read-more\" href=\"https:\/\/www.ask-a-muslim.com\/es\/prosternacion-por-equivocacion-u-olvido\/\" aria-label=\"Leer m\u00e1s sobre Prosternaci\u00f3n por equivocaci\u00f3n u olvido\">Leer m\u00e1s<\/a><\/p>\n","protected":false},"author":7,"featured_media":0,"comment_status":"open","ping_status":"open","sticky":false,"template":"","format":"standard","meta":{"_uag_custom_page_level_css":"","_monsterinsights_skip_tracking":false,"_monsterinsights_sitenote_active":false,"_monsterinsights_sitenote_note":"","_monsterinsights_sitenote_category":0,"jetpack_post_was_ever_published":false,"_jetpack_newsletter_access":"","_jetpack_dont_email_post_to_subs":false,"_jetpack_newsletter_tier_id":0,"_jetpack_memberships_contains_paywalled_content":false,"_jetpack_memberships_contains_paid_content":false,"footnotes":"","jetpack_publicize_message":"","jetpack_publicize_feature_enabled":true,"jetpack_social_post_already_shared":true,"jetpack_social_options":{"image_generator_settings":{"template":"highway","default_image_id":0,"font":"","enabled":false},"version":2}},"categories":[173],"tags":[],"class_list":["post-7883","post","type-post","status-publish","format-standard","hentry","category-jurisprudencia"],"jetpack_publicize_connections":[],"jetpack_featured_media_url":"","uagb_featured_image_src":{"full":false,"thumbnail":false,"medium":false,"medium_large":false,"large":false,"1536x1536":false,"2048x2048":false,"gform-image-choice-sm":false,"gform-image-choice-md":false,"gform-image-choice-lg":false},"uagb_author_info":{"display_name":"Site Admin","author_link":"https:\/\/www.ask-a-muslim.com\/es\/author\/admin2\/"},"uagb_comment_info":0,"uagb_excerpt":"Son dos prosternaciones que se hacen en la oraci\u00f3n obligatoria o voluntaria. Se las hace desde la posici\u00f3n sentado y se realiza el saludo despu\u00e9s de las mismas, y no les sigue otro Tashahhud. &nbsp; La sabidur\u00eda de su prescripci\u00f3n Al\u00e1h cre\u00f3 al hombre con una naturaleza olvidadiza, y Satan\u00e1s siempre intenta arruinar las oraciones&hellip;","jetpack_sharing_enabled":true,"jetpack_shortlink":"https:\/\/wp.me\/pcT0IL-239","jetpack-related-posts":[{"id":8549,"url":"https:\/\/www.ask-a-muslim.com\/de\/jermaine-jackson-usa\/","url_meta":{"origin":7883,"position":0},"title":"Jermaine Jackson, USA","author":"Site Admin","date":"20 de junio de 2020","format":false,"excerpt":"(teil 1 von 2) \u00a0 Wann und wie begann ihre Reise zum Islam? Es war 1989 als ich gemeinsam mit meiner Schwester eine Tour durch mehrere L\u00e4nder des Mittleren Osten unternahm. W\u00e4hrend unseres Aufenthalts in Bahrain wurden wir sehr herzlich empfangen. Dort hatte ich Gelegenheit, ein paar Kinder zu treffen\u2026","rel":"","context":"En \u00abWARUM WURDE ICH MUSLIM\u00bb","block_context":{"text":"WARUM WURDE ICH MUSLIM","link":"https:\/\/www.ask-a-muslim.com\/de\/category\/warum-wurde-ich-muslim\/"},"img":{"alt_text":"","src":"","width":0,"height":0},"classes":[]},{"id":8622,"url":"https:\/\/www.ask-a-muslim.com\/de\/la-bianca-ex-christin-australien\/","url_meta":{"origin":7883,"position":1},"title":"La Bianca, Ex-Christin, Australien","author":"Site Admin","date":"20 de junio de 2020","format":false,"excerpt":"Dieser Artikel hat ein Interview mit Sandra La Bianca zur Grundlage, einer konvertierten Muslima, die in Perth, Westaustralien lebt. La Bianca ist ein M\u00e4dchen vom Lande; sie ist auf einer Farm in Westaustralien aufgewachsen. Als sie noch ein Kind gewesen ist, hatte sie ein K\u00e4nguru als Haustier und half bei\u2026","rel":"","context":"En \u00abWARUM WURDE ICH MUSLIM\u00bb","block_context":{"text":"WARUM WURDE ICH MUSLIM","link":"https:\/\/www.ask-a-muslim.com\/de\/category\/warum-wurde-ich-muslim\/"},"img":{"alt_text":"","src":"","width":0,"height":0},"classes":[]},{"id":8634,"url":"https:\/\/www.ask-a-muslim.com\/de\/halimah-david-ex-christin-usa\/","url_meta":{"origin":7883,"position":2},"title":"Halimah David, Ex-Christin, USA","author":"Site Admin","date":"20 de junio de 2020","format":false,"excerpt":"Mein Vater hat mich allein als Christin aufgezogen. Er hat sich sehr angestrengt, mir christliche Werte zu vermitteln. Als ich in der Grundschule war, las ich viel in der Bibel (\u00fcbersprang die Worte, ich wei\u00df nicht wie) und ich bemerkte eine Menge Widerspr\u00fcche (zB. Schweinefleisch essen, Jesus Tod, usw.). Als\u2026","rel":"","context":"En \u00abWARUM WURDE ICH MUSLIM\u00bb","block_context":{"text":"WARUM WURDE ICH MUSLIM","link":"https:\/\/www.ask-a-muslim.com\/de\/category\/warum-wurde-ich-muslim\/"},"img":{"alt_text":"","src":"","width":0,"height":0},"classes":[]},{"id":8660,"url":"https:\/\/www.ask-a-muslim.com\/de\/reverend-david-benjamin-keldani-katholischer-priester-rumaenien\/","url_meta":{"origin":7883,"position":3},"title":"Reverend David Benjamin Keldani, katholischer Priester, Rum\u00e4nien","author":"Site Admin","date":"20 de junio de 2020","format":false,"excerpt":"Auf die Frage, wie er zum Islam gekommen war, schrieb er: \u201cMeine Konvertierung zum Islam kann man keinem anderen Grund zuordnen, als der gn\u00e4digen Rechtleitung Allahs, des Allm\u00e4chtigen. Ohne diese G\u00f6ttliche Leitung kann einen jedes Lernen, Suchen und andere Anstrengungen, die Wahrheit zu finden, sogar in die Irre f\u00fchren. Von\u2026","rel":"","context":"En \u00abWARUM WURDE ICH MUSLIM\u00bb","block_context":{"text":"WARUM WURDE ICH MUSLIM","link":"https:\/\/www.ask-a-muslim.com\/de\/category\/warum-wurde-ich-muslim\/"},"img":{"alt_text":"","src":"","width":0,"height":0},"classes":[]},{"id":8657,"url":"https:\/\/www.ask-a-muslim.com\/de\/sue-watson-professorin-pastorin-kirchengruenderin-und-missionarin-jetzt-saudi-arabien\/","url_meta":{"origin":7883,"position":4},"title":"Sue Watson, Professorin, Pastorin, Kirchengr\u00fcnderin und Missionarin, jetzt Saudi Arabien","author":"Site Admin","date":"20 de junio de 2020","format":false,"excerpt":"\u201cWas ist denn mit dir passiert?\u201d Dies war normalerweise die erste Reaktion, die mir entgegentrat, wenn mich meine fr\u00fcheren Klassenkameradinnen, Freunde und Mit-Pastoren sahen, nachdem ich den Islam angenommen hatte. Ich sch\u00e4tze, ich kann sie daf\u00fcr nicht tadeln, denn ich war eine Person, bei der es h\u00f6chst unwahrscheinlich war, dass\u2026","rel":"","context":"En \u00abWARUM WURDE ICH MUSLIM\u00bb","block_context":{"text":"WARUM WURDE ICH MUSLIM","link":"https:\/\/www.ask-a-muslim.com\/de\/category\/warum-wurde-ich-muslim\/"},"img":{"alt_text":"","src":"","width":0,"height":0},"classes":[]},{"id":8576,"url":"https:\/\/www.ask-a-muslim.com\/de\/dr-ali-selman-benoist-ex-katholik-frankreich\/","url_meta":{"origin":7883,"position":5},"title":"Dr. Ali Selman Benoist, Ex-Katholik, Frankreich","author":"Site Admin","date":"20 de junio de 2020","format":false,"excerpt":"Als Doktor der Medizin und Nachkomme einer franz\u00f6sischen katholischen Familie hat gerade meine Berufswahl mir eine solide wissenschaftliche Kultur gegeben, die mich nur wenig f\u00fcr ein mystisches Leben vorbereitet. Nicht dass ich nicht an Gott geglaubt h\u00e4tte, aber die Dogmen und Riten des Christentums im allgemeinen und insbesondere des Katholizismus\u2026","rel":"","context":"En \u00abWARUM WURDE ICH MUSLIM\u00bb","block_context":{"text":"WARUM WURDE ICH MUSLIM","link":"https:\/\/www.ask-a-muslim.com\/de\/category\/warum-wurde-ich-muslim\/"},"img":{"alt_text":"","src":"","width":0,"height":0},"classes":[]}],"_links":{"self":[{"href":"https:\/\/www.ask-a-muslim.com\/es\/wp-json\/wp\/v2\/posts\/7883","targetHints":{"allow":["GET"]}}],"collection":[{"href":"https:\/\/www.ask-a-muslim.com\/es\/wp-json\/wp\/v2\/posts"}],"about":[{"href":"https:\/\/www.ask-a-muslim.com\/es\/wp-json\/wp\/v2\/types\/post"}],"author":[{"embeddable":true,"href":"https:\/\/www.ask-a-muslim.com\/es\/wp-json\/wp\/v2\/users\/7"}],"replies":[{"embeddable":true,"href":"https:\/\/www.ask-a-muslim.com\/es\/wp-json\/wp\/v2\/comments?post=7883"}],"version-history":[{"count":1,"href":"https:\/\/www.ask-a-muslim.com\/es\/wp-json\/wp\/v2\/posts\/7883\/revisions"}],"predecessor-version":[{"id":10656,"href":"https:\/\/www.ask-a-muslim.com\/es\/wp-json\/wp\/v2\/posts\/7883\/revisions\/10656"}],"wp:attachment":[{"href":"https:\/\/www.ask-a-muslim.com\/es\/wp-json\/wp\/v2\/media?parent=7883"}],"wp:term":[{"taxonomy":"category","embeddable":true,"href":"https:\/\/www.ask-a-muslim.com\/es\/wp-json\/wp\/v2\/categories?post=7883"},{"taxonomy":"post_tag","embeddable":true,"href":"https:\/\/www.ask-a-muslim.com\/es\/wp-json\/wp\/v2\/tags?post=7883"}],"curies":[{"name":"wp","href":"https:\/\/api.w.org\/{rel}","templated":true}]}}