{"id":7492,"date":"2020-06-17T02:07:57","date_gmt":"2020-06-17T07:07:57","guid":{"rendered":"https:\/\/www.ask-a-muslim.com\/?p=7492"},"modified":"2020-06-30T20:35:27","modified_gmt":"2020-07-01T01:35:27","slug":"la-determination-du-plus-bas-point-de-la-surface-de-la-terre","status":"publish","type":"post","link":"https:\/\/www.ask-a-muslim.com\/fr\/la-determination-du-plus-bas-point-de-la-surface-de-la-terre\/","title":{"rendered":"LA D\u00c9TERMINATION DU PLUS BAS POINT DE LA SURFACE DE LA TERRE"},"content":{"rendered":"<p>Allah exalt\u00e9 soit-Il dit :[Alif, L\u00e2m, Mim. Les Romains ont \u00e9t\u00e9 vaincus, au plus bas point de la terre, et apr\u00e8s leur d\u00e9faite ils seront les vainqueurs, dans quelques ann\u00e9es. Allah exalt\u00e9 soit-Il dit :[Alif, L\u00e2m, Mim. Les Romains ont \u00e9t\u00e9 vaincus, au plus bas point de la terre, et apr\u00e8s leur d\u00e9faite ils seront les vainqueurs, dans quelques ann\u00e9es. \u00c0 Allah appartient le commandement, au d\u00e9but et \u00e0 la fin, et ce jour-l\u00e0 les Croyants se r\u00e9jouiront du secours d&rsquo;Allah. Il secourt qui Il veut et Il est le Tout Puissant, le Tout Mis\u00e9ricordieux. C&rsquo;est [l\u00e0] la promesse d&rsquo;Allah. Allah ne manque jamais \u00e0 Sa promesse mais la plupart des gens ne savent pas.] (Ar-Roum : 1-6)<\/p>\n<p>V\u00e9rit\u00e9 Scientifique:<br \/>\nLes r\u00e9f\u00e9rences d&rsquo;histoire mentionnent la bataille qui eut lieu entre les Perses et Byzance (qui \u00e9tait la partie orientale de l&#8217;empire Romain). Bataille qui eut lieu entre Adhri`\u00e2t et Bosr\u00e2 pr\u00e8s de la Mer Morte. Cette bataille qui eut lieu en 619 se solda par une victoire \u00e9crasante des perses.<\/p>\n<p>Cette d\u00e9faite cuisante des romains byzantins amena plus d&rsquo;un \u00e0 croire que l&rsquo;heure de la d\u00e9cadence de leur empire avait sonn\u00e9. Contrairement \u00e0 toutes les pr\u00e9dictions, une autre bataille \u00e9clata entre les perses et les byzantins en d\u00e9cembre 627 dans la r\u00e9gion de Nineveh. Et cette bataille se solda par une d\u00e9faite perse. Apr\u00e8s quelques mois, les perses durent opter pour un armistice qui leur imposait la r\u00e9trocession de toutes les terres qu&rsquo;ils avaient r\u00e9ussies \u00e0 arracher aux byzantins.<\/p>\n<p>Les images g\u00e9ographiques des altitudes de la surface de la terre, d\u00e9montrent que la plus basse altitude sur terre se trouve pr\u00e8s de la Mer Morte en Palestine o\u00f9 la surface de la terre est 395 m. en dessous de la surface de la mer. Les photos et images satellitaires corroborent cette r\u00e9alit\u00e9.<\/p>\n<p>Aspect Miraculeux :<br \/>\nIl y a deux aspects miraculeux qui se rapportent aux versets ci-dessus :<br \/>\nD&rsquo;une part, le Coran pr\u00e9dit que la victoire byzantine apr\u00e8s la d\u00e9faite face aux perses aura lieu apr\u00e8s quelques ann\u00e9es. Et selon les sp\u00e9cialistes de la linguistique arabe, \u00ab quelques ann\u00e9es \u00bb veut dire ; entre cinq et sept ans ou entre un et neuf ans. Et comme pr\u00e9dit par le Coran, la victoire eut lieu apr\u00e8s sept ans lors d&rsquo;une bataille qui opposa perses et byzantins en 627, bataille qui se solda par une victoire \u00e9clatante des byzantins. Et cette victoire co\u00efncida aussi avec la victoire musulmane de la bataille de Badr face aux polyth\u00e9istes. Il faut noter qu&rsquo;au moment de cette pr\u00e9diction coranique, les m\u00e9cr\u00e9ants de la tribu de Qoraych avaient tourn\u00e9 ces versets en d\u00e9rision tellement ils trouvaient une telle victoire invraisemblable. Ils all\u00e8rent m\u00eame jusqu&rsquo;\u00e0 promettre des dons aux musulmans si jamais cette pr\u00e9diction se r\u00e9alisait. Mais cette victoire qui marquait encore une fois l&rsquo;aspect miraculeux du Coran se r\u00e9alisa au grand dam des m\u00e9cr\u00e9ants.<\/p>\n<p>Quant au deuxi\u00e8me aspect miraculeux de ces versets, l&rsquo;on le trouve dans l&rsquo;affirmation d&rsquo;une v\u00e9rit\u00e9 scientifique qui \u00e9tait alors m\u00e9connue de tous ; ces versets affirment que les romains ont \u00e9t\u00e9 vaincus au plus bas point de la terre. Il faut dire en passant que le mot que nous traduisons ici par \u00ab plus bas point de la terre \u00bb a deux sens en arabe : le plus proche et le plus bas. Et chacun de ces deux sens est en accord avec la r\u00e9alit\u00e9; d&rsquo;une part, le th\u00e9\u00e2tre des op\u00e9rations est la zone la plus proche de la p\u00e9ninsule arabique, et d&rsquo;autre part, c&rsquo;est aussi la zone qui a la plus basse altitude du globe terrestre vu qu&rsquo;elle est en dessous de la surface de la mer de 1312 pieds (environs 400 m.). Et tel que l&rsquo;affirme l&rsquo;Encyclop\u00e9die Britannique, cette zone est le plus bas point de la surface de la terre qui fut enregistr\u00e9 par les satellites. Et il est prouv\u00e9 historiquement que la bataille en question eut lieu dans cette zone qui a la plus basse altitude sur terre et qui se trouve dans la vall\u00e9e de la Mer Morte. Il va de soi que nul n&rsquo;aurait pu \u00e9tablir cela en l&rsquo;absence des nouveaux proc\u00e9d\u00e9s topographiques. Raison pour laquelle il \u00e9tait impossible en ces temps qu&rsquo;un \u00eatre humain puisse savoir que cette zone \u00e9tait le plus bas point de la surface de la terre.<\/p>\n<p>Ces versets coraniques ne prouvent-ils pas que le Coran est une r\u00e9v\u00e9lation d&rsquo;Allah exalt\u00e9 soit-Il, qui dit : [Dis : \u00ab Louange \u00e0 Allah ! Il vous fera voir Ses preuves, et vous les reconna\u00eetrez \u00bb !] (An-Naml : 93)<\/p>\n<p>&nbsp;<\/p>\n<hr \/>\n<p>Source: https:\/\/www.islamland.com\/fre\/articles\/la-dtermination-du-plus-bas-point-de-la-surface-de-la-terre<\/p>\n","protected":false},"excerpt":{"rendered":"<p>Allah exalt\u00e9 soit-Il dit :[Alif, L\u00e2m, Mim. Les Romains ont \u00e9t\u00e9 vaincus, au plus bas point de la terre, et apr\u00e8s leur d\u00e9faite ils seront les vainqueurs, dans quelques ann\u00e9es. Allah exalt\u00e9 soit-Il dit :[Alif, L\u00e2m, Mim. Les Romains ont \u00e9t\u00e9 vaincus, au plus bas point de la terre, et apr\u00e8s leur d\u00e9faite ils seront &#8230; <a title=\"LA D\u00c9TERMINATION DU PLUS BAS POINT DE LA SURFACE DE LA TERRE\" class=\"read-more\" href=\"https:\/\/www.ask-a-muslim.com\/fr\/la-determination-du-plus-bas-point-de-la-surface-de-la-terre\/\" aria-label=\"Read more about LA D\u00c9TERMINATION DU PLUS BAS POINT DE LA SURFACE DE LA TERRE\">Lire la suite<\/a><\/p>\n","protected":false},"author":7,"featured_media":0,"comment_status":"open","ping_status":"open","sticky":false,"template":"","format":"standard","meta":{"_uag_custom_page_level_css":"","_monsterinsights_skip_tracking":false,"_monsterinsights_sitenote_active":false,"_monsterinsights_sitenote_note":"","_monsterinsights_sitenote_category":0,"jetpack_post_was_ever_published":false,"_jetpack_newsletter_access":"","_jetpack_dont_email_post_to_subs":false,"_jetpack_newsletter_tier_id":0,"_jetpack_memberships_contains_paywalled_content":false,"_jetpack_memberships_contains_paid_content":false,"footnotes":"","jetpack_publicize_message":"","jetpack_publicize_feature_enabled":true,"jetpack_social_post_already_shared":true,"jetpack_social_options":{"image_generator_settings":{"template":"highway","default_image_id":0,"font":"","enabled":false},"version":2}},"categories":[131],"tags":[],"class_list":["post-7492","post","type-post","status-publish","format-standard","hentry","category-les-miracles-scientifiques"],"jetpack_publicize_connections":[],"jetpack_featured_media_url":"","uagb_featured_image_src":{"full":false,"thumbnail":false,"medium":false,"medium_large":false,"large":false,"1536x1536":false,"2048x2048":false,"gform-image-choice-sm":false,"gform-image-choice-md":false,"gform-image-choice-lg":false},"uagb_author_info":{"display_name":"Site Admin","author_link":"https:\/\/www.ask-a-muslim.com\/fr\/author\/admin2\/"},"uagb_comment_info":0,"uagb_excerpt":"Allah exalt\u00e9 soit-Il dit :[Alif, L\u00e2m, Mim. Les Romains ont \u00e9t\u00e9 vaincus, au plus bas point de la terre, et apr\u00e8s leur d\u00e9faite ils seront les vainqueurs, dans quelques ann\u00e9es. Allah exalt\u00e9 soit-Il dit :[Alif, L\u00e2m, Mim. Les Romains ont \u00e9t\u00e9 vaincus, au plus bas point de la terre, et apr\u00e8s leur d\u00e9faite ils seront\u2026","jetpack_sharing_enabled":true,"jetpack_shortlink":"https:\/\/wp.me\/pcT0IL-1WQ","jetpack-related-posts":[{"id":7493,"url":"https:\/\/www.ask-a-muslim.com\/fr\/les-montagnes-piquets-terrestres\/","url_meta":{"origin":7492,"position":0},"title":"LES MONTAGNES, PIQUETS TERRESTRES","author":"Site Admin","date":"17 juin 2020","format":false,"excerpt":"Allah exalt\u00e9 soit-Il dit : [ N'avons-Nous pas fait de la terre une couche, et (plac\u00e9) les montagnes comme des piquets] (An-Naba\u2019 : 6-7) Allah exalt\u00e9 soit-Il dit : [ N'avons-Nous pas fait de la terre une couche, et (plac\u00e9) les montagnes comme des piquets] (An-Naba\u2019 : 6-7) La V\u00e9rit\u00e9\u2026","rel":"","context":"Dans &quot;Les Miracles Scientifiques&quot;","block_context":{"text":"Les Miracles Scientifiques","link":"https:\/\/www.ask-a-muslim.com\/fr\/category\/les-miracles-scientifiques\/"},"img":{"alt_text":"","src":"","width":0,"height":0},"classes":[]},{"id":7541,"url":"https:\/\/www.ask-a-muslim.com\/fr\/comment-allah-a-protege-son-prophete\/","url_meta":{"origin":7492,"position":1},"title":"Comment Allah a prot\u00e9g\u00e9 son proph\u00e8te","author":"Site Admin","date":"17 juin 2020","format":false,"excerpt":"Comment Allah a prot\u00e9g\u00e9 son Proph\u00e8te (\uf065) Allah, (\uf062), a dit : \uf07b \u00d4 messager, transmets ce qui t\u2019a \u00e9t\u00e9 descendu de la part de ton Seigneur. Si tu ne le fais pas, alors tu n\u2019auras pas communiqu\u00e9 Son message. Et Allah te prot\u00e9gera des gens \uf07d. Ibn Kath\u00eer a\u2026","rel":"","context":"Dans &quot;Muhammad (Paix et Salut sur Lui)&quot;","block_context":{"text":"Muhammad (Paix et Salut sur Lui)","link":"https:\/\/www.ask-a-muslim.com\/fr\/category\/muhammad-paix-et-salut-sur-lui\/"},"img":{"alt_text":"","src":"","width":0,"height":0},"classes":[]},{"id":7482,"url":"https:\/\/www.ask-a-muslim.com\/fr\/la-perception-de-la-douleur\/","url_meta":{"origin":7492,"position":2},"title":"LA PERCEPTION DE LA DOULEUR","author":"Site Admin","date":"17 juin 2020","format":false,"excerpt":"Allah exalt\u00e9 soit-Il dit : [ Certes, ceux qui ne croient pas \u00e0 Nos Versets, (le Coran) Nous les br\u00fblerons bient\u00f4t dans le Feu. Chaque fois que leurs peaux auront \u00e9t\u00e9 consum\u00e9es, Nous leur donnerons d'autres peaux en \u00e9change afin qu'ils go\u00fbtent au ch\u00e2timent. Allah est certes Puissant et Sage!]\u2026","rel":"","context":"Dans &quot;Les Miracles Scientifiques&quot;","block_context":{"text":"Les Miracles Scientifiques","link":"https:\/\/www.ask-a-muslim.com\/fr\/category\/les-miracles-scientifiques\/"},"img":{"alt_text":"","src":"","width":0,"height":0},"classes":[]},{"id":7383,"url":"https:\/\/www.ask-a-muslim.com\/fr\/lobligation-de-lemigration-al-hijra-vers-une-terre-dislam-dar-al-islam\/","url_meta":{"origin":7492,"position":3},"title":"L\u2019obligation de l\u2019\u00e9migration [Al-Hijr\u00e2] vers une terre d\u2019Islam [D\u00e2r Al-Isl\u00e2m]","author":"Site Admin","date":"17 juin 2020","format":false,"excerpt":"Sa parole : \u00ab et apr\u00e8s, il lui fut ordonner d'\u00e9migrer vers Al Mad\u00eenah... \u00bb C'est \u00e0 dire: apr\u00e8s treize ann\u00e9es de sa mission -sall\u00e2 l-Lah\u00fb \u2018aleyhi wa sall\u00e2m-, il lui fut ordonner de se s\u00e9parer des associateurs et de leurs patries pour qu'il lui soit possible de montrer sa\u2026","rel":"","context":"Dans &quot;French Jurisprudence&quot;","block_context":{"text":"French Jurisprudence","link":"https:\/\/www.ask-a-muslim.com\/fr\/category\/french-jurisprudence\/"},"img":{"alt_text":"","src":"","width":0,"height":0},"classes":[]},{"id":7540,"url":"https:\/\/www.ask-a-muslim.com\/fr\/la-patience-du-prophete-sur-lui-la-paix-face-aux-sevices\/","url_meta":{"origin":7492,"position":4},"title":"La patience du proph\u00e8te (sur lui la paix) face aux s\u00e9vices","author":"Site Admin","date":"17 juin 2020","format":false,"excerpt":"J\u2019ai commis un p\u00e9ch\u00e9 majeur et j\u2019ai demand\u00e9 \u00e0 Allah de me pardonner. Mon repentir sera t-il accept\u00e9 ? J\u2019ai le sentiment que mon repentir ne sera pas accept\u00e9, et qu\u2019Allah est en col\u00e8re contre moi. Y a-t-il des signes de l\u2019acceptation du repentir ? R\u00e9ponse Louange \u00e0 Allah Premi\u00e8rement\u2026","rel":"","context":"Dans &quot;Muhammad (Paix et Salut sur Lui)&quot;","block_context":{"text":"Muhammad (Paix et Salut sur Lui)","link":"https:\/\/www.ask-a-muslim.com\/fr\/category\/muhammad-paix-et-salut-sur-lui\/"},"img":{"alt_text":"","src":"","width":0,"height":0},"classes":[]},{"id":7384,"url":"https:\/\/www.ask-a-muslim.com\/fr\/la-zakat\/","url_meta":{"origin":7492,"position":5},"title":"La zakat","author":"Site Admin","date":"17 juin 2020","format":false,"excerpt":"Louange \u00e0 Allah le Seul ! Que la Pri\u00e8re et le Salut soient sur celui apr\u00e8s qui il n\u2019y aura plus de Proph\u00e8te, ainsi que sur ses proches et ses Compagnons ! Bon nombre de musulmans prennent \u00e0 la l\u00e9g\u00e8re la fa\u00e7on dont ils versent l\u2019Aum\u00f4ne. Cette n\u00e9gligence \u00e0 l\u2019origine\u2026","rel":"","context":"Dans &quot;French Jurisprudence&quot;","block_context":{"text":"French Jurisprudence","link":"https:\/\/www.ask-a-muslim.com\/fr\/category\/french-jurisprudence\/"},"img":{"alt_text":"","src":"","width":0,"height":0},"classes":[]}],"_links":{"self":[{"href":"https:\/\/www.ask-a-muslim.com\/fr\/wp-json\/wp\/v2\/posts\/7492","targetHints":{"allow":["GET"]}}],"collection":[{"href":"https:\/\/www.ask-a-muslim.com\/fr\/wp-json\/wp\/v2\/posts"}],"about":[{"href":"https:\/\/www.ask-a-muslim.com\/fr\/wp-json\/wp\/v2\/types\/post"}],"author":[{"embeddable":true,"href":"https:\/\/www.ask-a-muslim.com\/fr\/wp-json\/wp\/v2\/users\/7"}],"replies":[{"embeddable":true,"href":"https:\/\/www.ask-a-muslim.com\/fr\/wp-json\/wp\/v2\/comments?post=7492"}],"version-history":[{"count":1,"href":"https:\/\/www.ask-a-muslim.com\/fr\/wp-json\/wp\/v2\/posts\/7492\/revisions"}],"predecessor-version":[{"id":10908,"href":"https:\/\/www.ask-a-muslim.com\/fr\/wp-json\/wp\/v2\/posts\/7492\/revisions\/10908"}],"wp:attachment":[{"href":"https:\/\/www.ask-a-muslim.com\/fr\/wp-json\/wp\/v2\/media?parent=7492"}],"wp:term":[{"taxonomy":"category","embeddable":true,"href":"https:\/\/www.ask-a-muslim.com\/fr\/wp-json\/wp\/v2\/categories?post=7492"},{"taxonomy":"post_tag","embeddable":true,"href":"https:\/\/www.ask-a-muslim.com\/fr\/wp-json\/wp\/v2\/tags?post=7492"}],"curies":[{"name":"wp","href":"https:\/\/api.w.org\/{rel}","templated":true}]}}