{"id":7671,"date":"2020-06-17T02:23:35","date_gmt":"2020-06-17T07:23:35","guid":{"rendered":"https:\/\/www.ask-a-muslim.com\/?p=7671"},"modified":"2020-07-02T06:22:54","modified_gmt":"2020-07-02T11:22:54","slug":"jeffrey-lang-professeur-de-mathematiques-et-ecrivain-usa","status":"publish","type":"post","link":"https:\/\/www.ask-a-muslim.com\/fr\/jeffrey-lang-professeur-de-mathematiques-et-ecrivain-usa\/","title":{"rendered":"Jeffrey Lang, professeur de math\u00e9matiques et \u00e9crivain, USA"},"content":{"rendered":"<h4><strong>Jeffrey Lang, professeur de math\u00e9matiques et \u00e9crivain, USA<\/strong><\/h4>\n<p>Le docteur Jeffrey Lang est professeur \u00e0 la facult\u00e9 de math\u00e9matiques de l\u2019Universit\u00e9 du Kansas, l\u2019une des plus grandes des \u00c9tats-Unis. Il est n\u00e9 le 30 janvier 1954, \u00e0 Bridgeport, Connecticut, au sein d\u2019une famille catholique romaine. Il a fr\u00e9quent\u00e9 des \u00e9coles catholiques jusqu\u2019\u00e0 l\u2019\u00e2ge de 18 ans et il en est sorti avec de nombreuses questions sans r\u00e9ponses sur Dieu et sur la religion chr\u00e9tienne. Racontant l\u2019histoire de sa conversion \u00e0 l\u2019islam, Lang dit : \u00ab Comme la plupart des jeunes, vers la fin des ann\u00e9es soixante et le d\u00e9but des ann\u00e9es soixante-dix, j\u2019ai commenc\u00e9 \u00e0 remettre en question les valeurs de l\u2019\u00e9poque, valeurs politiques, sociales et religieuses. \u00bb Il poursuit : \u00ab Je me suis rebell\u00e9 contre toutes les institutions que la soci\u00e9t\u00e9 tenait pour sacr\u00e9es, l\u2019\u00c9glise catholique y compris. \u00bb<\/p>\n<p>\u00c0 l\u2019\u00e2ge de 18 ans, Lang \u00e9tait d\u00e9j\u00e0 un ath\u00e9iste \u00e0 part enti\u00e8re. \u00ab Si Dieu existe et qu\u2019Il est mis\u00e9ricordieux et aimant, alors pourquoi toutes ces souffrances dans le monde? Pourquoi ne nous envoie-t-Il pas tous directement au Paradis? Pourquoi cr\u00e9er toutes ces personnes pour les faire souffrir? \u00bb Telles \u00e9taient les questions qui habitaient son esprit, \u00e0 l\u2019\u00e9poque.<\/p>\n<p>C\u2019est alors qu\u2019il \u00e9tait jeune charg\u00e9 de cours en math\u00e9matiques, \u00e0 l\u2019Universit\u00e9 de San Francisco, que Lang trouva un mode de vie o\u00f9 Dieu devint finalement une r\u00e9alit\u00e9. C\u2019est en faisant la rencontre de musulmans, \u00e0 l\u2019universit\u00e9, qu\u2019il d\u00e9couvrit sa voie. Il raconte : \u00ab Nous discutions de religion. Je leur posais des questions et j\u2019\u00e9tais r\u00e9ellement surpris du soin qu\u2019ils prenaient \u00e0 r\u00e9pondre, apr\u00e8s avoir bien r\u00e9fl\u00e9chi. \u00bb<\/p>\n<p>Lang rencontra Mahmoud Qandil, un \u00e9tudiant saoudien aux allures royales qui attirait l\u2019attention de toute la classe chaque fois qu\u2019il y mettait les pieds. Lorsque Lang lui posa une question sur la recherche m\u00e9dicale, Qandil lui r\u00e9pondit dans un anglais parfait et avec beaucoup d\u2019assurance. Tout le monde connaissait Qandil \u2013 le maire, le chef de police et les citoyens. Ensemble, le professeur et l\u2019\u00e9tudiant fr\u00e9quent\u00e8rent tous les endroits \u00e9clatants o\u00f9 \u00ab il n\u2019y avait ni joie ni bonheur, que des rires. \u00bb Pourtant, et \u00e9tonnamment, avant son d\u00e9part, Qandil lui remit une copie du Coran et quelques livres sur l\u2019islam. Lang lut le Coran, se rendit \u00e0 la salle de pri\u00e8res de l\u2019universit\u00e9 et se soumit sans peine. Il venait d\u2019\u00eatre conquis par le Coran. Il raconte :<\/p>\n<p>\u00ab Certains peintres arrivent \u00e0 donner l\u2019illusion que les yeux d\u2019un portrait vous suivent dans une pi\u00e8ce; mais quel auteur peut \u00e9crire un ouvrage qui anticipe vos vicissitudes quotidiennes? &#8230; Chaque soir, je me posais des questions, ou bien je formulais des objections auxquelles je trouvais des r\u00e9ponses le lendemain. Il me semblait que l\u2019auteur [du Coran] lisait mes pens\u00e9es et \u00e9crivait au fur et \u00e0 mesure les mots appropri\u00e9s qui m\u2019attendaient \u00e0 ma lecture suivante. Je me retrouvais dans ces pages&#8230; \u00bb<\/p>\n<p>Lang accomplit assid\u00fbment ses cinq pri\u00e8res quotidiennes et y trouve une grande satisfaction spirituelle. Selon lui, la pri\u00e8re du fajr (i.e. la pri\u00e8re de l\u2019aube) est l\u2019un des plus beaux et plus \u00e9mouvants rituels de l\u2019islam.<\/p>\n<p>Lorsqu\u2019on lui demande comment il peut trouver la r\u00e9citation du Coran aussi fascinante alors qu\u2019il ne comprend pas l\u2019arabe, il r\u00e9pond : \u00ab Un b\u00e9b\u00e9 n\u2019est-il pas r\u00e9confort\u00e9 par la voix de sa m\u00e8re? \u00bb Il raconte que la lecture du Coran lui a apport\u00e9 beaucoup de r\u00e9confort et de courage dans les moments difficiles. \u00c0 partir de l\u00e0, il lui a fallu mettre sa foi en pratique pour pouvoir grandir spirituellement.<\/p>\n<p>Par ailleurs, Lang a poursuivi une carri\u00e8re en math\u00e9matiques. Il a re\u00e7u sa ma\u00eetrise et son doctorat de l\u2019Universit\u00e9 Purdue. Lang raconte avoir toujours \u00e9t\u00e9 fascin\u00e9 par les math\u00e9matiques : \u00ab Les math\u00e9matiques, c\u2019est de la logique, et elles consistent \u00e0 utiliser des faits et des chiffres pour trouver des r\u00e9ponses concr\u00e8tes. (&#8230;) C\u2019est ainsi que fonctionne mon esprit et je trouve frustrant de composer avec des choses qui n\u2019ont pas de r\u00e9ponses concr\u00e8tes. \u00bb Selon Lang, poss\u00e9der un esprit qui n\u2019accepte les id\u00e9es que si elles sont bas\u00e9es sur des faits rend difficile le fait de croire en une religion, car la plupart des religions demandent \u00e0 \u00eatre accept\u00e9es uniquement sur la base de la foi, tandis que l\u2019islam fait appel \u00e0 la capacit\u00e9 de raisonnement de l\u2019homme.<\/p>\n<p>En tant que professeur-conseiller pour l\u2019association \u00e9tudiante musulmane, Lang se voit comme un lien entre les \u00e9tudiants et leur universit\u00e9. Il demande et obtient la permission des autorit\u00e9s universitaires pour tenir des conf\u00e9rences islamiques. Il dit : \u00ab En \u00e9tant leur professeur-conseiller, je peux les aider \u00e0 faire en sorte qu\u2019on r\u00e9ponde \u00e0 leurs besoins, \u00e0 s\u2019adapter \u00e0 la culture am\u00e9ricaine et aux proc\u00e9dures des universit\u00e9s. Ils appr\u00e9cient avoir la possibilit\u00e9 d\u2019amener les gens \u00e0 r\u00e9viser leurs id\u00e9es-re\u00e7ues. \u00bb<\/p>\n<p>Il y a douze ans, Jeffrey Lang a \u00e9pous\u00e9 une saoudienne, Raika. Il est l\u2019auteur de plusieurs livres sur l\u2019islam, qui sont des best-sellers dans la communaut\u00e9 musulmane am\u00e9ricaine. L\u2019un de ses plus populaires s\u2019intitule \u00ab Even Angels ask; a journey to islam in America \u00bb (M\u00eame les anges posent des questions : histoire d\u2019un cheminement vers l\u2019islam aux \u00c9tats-Unis). Dans ce livre, Lang partage avec ses lecteurs les nombreuses id\u00e9es qui se sont r\u00e9v\u00e9l\u00e9es \u00e0 lui au cours de son cheminement vers l\u2019islam.<\/p>\n<p>&nbsp;<\/p>\n<hr \/>\n<p>Source: https:\/\/www.islamland.com\/fre\/articles\/jeffrey-lang-professeur-de-mathmatiques-et-crivain-usa<\/p>\n","protected":false},"excerpt":{"rendered":"<p>Jeffrey Lang, professeur de math\u00e9matiques et \u00e9crivain, USA Le docteur Jeffrey Lang est professeur \u00e0 la facult\u00e9 de math\u00e9matiques de l\u2019Universit\u00e9 du Kansas, l\u2019une des plus grandes des \u00c9tats-Unis. Il est n\u00e9 le 30 janvier 1954, \u00e0 Bridgeport, Connecticut, au sein d\u2019une famille catholique romaine. Il a fr\u00e9quent\u00e9 des \u00e9coles catholiques jusqu\u2019\u00e0 l\u2019\u00e2ge de 18 &#8230; <a title=\"Jeffrey Lang, professeur de math\u00e9matiques et \u00e9crivain, USA\" class=\"read-more\" href=\"https:\/\/www.ask-a-muslim.com\/fr\/jeffrey-lang-professeur-de-mathematiques-et-ecrivain-usa\/\" aria-label=\"Read more about Jeffrey Lang, professeur de math\u00e9matiques et \u00e9crivain, USA\">Lire la suite<\/a><\/p>\n","protected":false},"author":7,"featured_media":0,"comment_status":"open","ping_status":"open","sticky":false,"template":"","format":"standard","meta":{"_uag_custom_page_level_css":"","_monsterinsights_skip_tracking":false,"_monsterinsights_sitenote_active":false,"_monsterinsights_sitenote_note":"","_monsterinsights_sitenote_category":0,"jetpack_post_was_ever_published":false,"_jetpack_newsletter_access":"","_jetpack_dont_email_post_to_subs":false,"_jetpack_newsletter_tier_id":0,"_jetpack_memberships_contains_paywalled_content":false,"_jetpack_memberships_contains_paid_content":false,"footnotes":"","jetpack_publicize_message":"","jetpack_publicize_feature_enabled":true,"jetpack_social_post_already_shared":true,"jetpack_social_options":{"image_generator_settings":{"template":"highway","default_image_id":0,"font":"","enabled":false},"version":2}},"categories":[130],"tags":[],"class_list":["post-7671","post","type-post","status-publish","format-standard","hentry","category-pourquoi-suis-je-devenu-musulman"],"jetpack_publicize_connections":[],"jetpack_featured_media_url":"","uagb_featured_image_src":{"full":false,"thumbnail":false,"medium":false,"medium_large":false,"large":false,"1536x1536":false,"2048x2048":false,"gform-image-choice-sm":false,"gform-image-choice-md":false,"gform-image-choice-lg":false},"uagb_author_info":{"display_name":"Site Admin","author_link":"https:\/\/www.ask-a-muslim.com\/fr\/author\/admin2\/"},"uagb_comment_info":0,"uagb_excerpt":"Jeffrey Lang, professeur de math\u00e9matiques et \u00e9crivain, USA Le docteur Jeffrey Lang est professeur \u00e0 la facult\u00e9 de math\u00e9matiques de l\u2019Universit\u00e9 du Kansas, l\u2019une des plus grandes des \u00c9tats-Unis. Il est n\u00e9 le 30 janvier 1954, \u00e0 Bridgeport, Connecticut, au sein d\u2019une famille catholique romaine. Il a fr\u00e9quent\u00e9 des \u00e9coles catholiques jusqu\u2019\u00e0 l\u2019\u00e2ge de 18\u2026","jetpack_sharing_enabled":true,"jetpack_shortlink":"https:\/\/wp.me\/pcT0IL-1ZJ","jetpack-related-posts":[{"id":7475,"url":"https:\/\/www.ask-a-muslim.com\/fr\/commentaires-de-quelques-savants-sur-les-miracles-scientifiques-du-coran\/","url_meta":{"origin":7671,"position":0},"title":"Commentaires de quelques savants sur les miracles scientifiques du Coran","author":"Site Admin","date":"17 juin 2020","format":false,"excerpt":"Le texte qui suit comprend les commentaires de quelques savants[1] sur les miracles scientifiques du Coran. Tous ces commentaires sont tir\u00e9s de la cassette vid\u00e9o intitul\u00e9e This is the Truth [Ceci est la v\u00e9rit\u00e9]. Dans cette cassette vid\u00e9o, nous pouvons voir et entendre les scientifiques faire les commentaires suivants. (Pour\u2026","rel":"","context":"Dans &quot;Les Miracles Scientifiques&quot;","block_context":{"text":"Les Miracles Scientifiques","link":"https:\/\/www.ask-a-muslim.com\/fr\/category\/les-miracles-scientifiques\/"},"img":{"alt_text":"","src":"","width":0,"height":0},"classes":[]},{"id":7591,"url":"https:\/\/www.ask-a-muslim.com\/fr\/mariano-ricardo-calle-ex-catholique-argentine\/","url_meta":{"origin":7671,"position":1},"title":"Mariano Ricardo Calle, ex-catholique, Argentine","author":"Site Admin","date":"17 juin 2020","format":false,"excerpt":"Mon nom est Mariano Ricardo Calle. Je viens de Buenos Aires, en Argentine (pas la capitale, mais la province). Avant d\u2019embrasser l\u2019islam, j\u2019\u00e9tais catholique; j\u2019avais \u00e9t\u00e9 baptis\u00e9, j\u2019avais fait ma communion, puis ma confirmation. Depuis mon enfance, j\u2019avais toujours \u00e9t\u00e9 en contact \u00e9troit avec la religion, par l\u2019entremise de ma\u2026","rel":"","context":"Dans &quot;Pourquoi Suis-je Devenu Musulman ?&quot;","block_context":{"text":"Pourquoi Suis-je Devenu Musulman ?","link":"https:\/\/www.ask-a-muslim.com\/fr\/category\/pourquoi-suis-je-devenu-musulman\/"},"img":{"alt_text":"","src":"","width":0,"height":0},"classes":[]},{"id":7657,"url":"https:\/\/www.ask-a-muslim.com\/fr\/devorah-h-bonomo-ex-catholique-etats-unis\/","url_meta":{"origin":7671,"position":2},"title":"Devorah H. Bonomo, ex-catholique, \u00c9tats-Unis","author":"Site Admin","date":"17 juin 2020","format":false,"excerpt":"Cela peut sembler \u00e9trange, mais mon cheminement vers l\u2019islam a d\u00e9but\u00e9 lorsque j\u2019avais six ans. Je suis n\u00e9e au sein d\u2019une famille catholique et j\u2019ai re\u00e7u ma premi\u00e8re communion et ma confirmation \u00e0 l\u2019\u00e2ge de six ans. D\u00e9j\u00e0, \u00e0 cet \u00e2ge, je me sentais tr\u00e8s diff\u00e9rente des autres catholiques; je\u2026","rel":"","context":"Dans &quot;Pourquoi Suis-je Devenu Musulman ?&quot;","block_context":{"text":"Pourquoi Suis-je Devenu Musulman ?","link":"https:\/\/www.ask-a-muslim.com\/fr\/category\/pourquoi-suis-je-devenu-musulman\/"},"img":{"alt_text":"","src":"","width":0,"height":0},"classes":[]},{"id":7640,"url":"https:\/\/www.ask-a-muslim.com\/fr\/sally-ex-catholique-philippines\/","url_meta":{"origin":7671,"position":3},"title":"Sally, ex-catholique, Philippines","author":"Site Admin","date":"17 juin 2020","format":false,"excerpt":"J\u2019ai \u00e9t\u00e9 \u00e9lev\u00e9e au sein d\u2019une famille catholique tr\u00e8s fervente, dans laquelle on m\u2019a transmis des valeurs et des traditions catholiques. \u00c0 l\u2019\u00e2ge de quinze ans, je suis entr\u00e9e au couvent. J\u2019y fus d\u2019abord heureuse, vaquant \u00e0 mes occupations de s\u0153ur, et ma famille \u00e9tait tr\u00e8s fi\u00e8re de moi. Mais\u2026","rel":"","context":"Dans &quot;Pourquoi Suis-je Devenu Musulman ?&quot;","block_context":{"text":"Pourquoi Suis-je Devenu Musulman ?","link":"https:\/\/www.ask-a-muslim.com\/fr\/category\/pourquoi-suis-je-devenu-musulman\/"},"img":{"alt_text":"","src":"","width":0,"height":0},"classes":[]},{"id":7626,"url":"https:\/\/www.ask-a-muslim.com\/fr\/maria-ex-catholique-etats-unis\/","url_meta":{"origin":7671,"position":4},"title":"Maria, ex-catholique, \u00c9tats-Unis","author":"Site Admin","date":"17 juin 2020","format":false,"excerpt":"(partie 1 de 2) Mon nom est Maryam al-Mahdayah \u2013 ce n\u2019est pas mon nom de naissance, mais celui que j\u2019ai choisi lors de ma conversion \u00e0 l\u2019islam, en 1992. Mon nom de naissance (chr\u00e9tien) est Maria. J\u2019aimerais partager avec vous mon cheminement personnel vers l\u2019islam, en esp\u00e9rant qu\u2019il vous\u2026","rel":"","context":"Dans &quot;Pourquoi Suis-je Devenu Musulman ?&quot;","block_context":{"text":"Pourquoi Suis-je Devenu Musulman ?","link":"https:\/\/www.ask-a-muslim.com\/fr\/category\/pourquoi-suis-je-devenu-musulman\/"},"img":{"alt_text":"","src":"","width":0,"height":0},"classes":[]},{"id":7662,"url":"https:\/\/www.ask-a-muslim.com\/fr\/idris-tawfiq-ex-pretre-catholique-royaume-uni\/","url_meta":{"origin":7671,"position":5},"title":"Idris Tawfiq, ex-pr\u00eatre catholique, Royaume-Uni","author":"Site Admin","date":"17 juin 2020","format":false,"excerpt":"\u00ab Tu trouveras certainement que les juifs et les idol\u00e2tres sont les ennemis les plus acharn\u00e9s des croyants. Et tu trouveras que les plus dispos\u00e9s \u00e0 aimer les croyants sont ceux qui disent : \u00ab Nous sommes chr\u00e9tiens. \u00bb C\u2019est qu\u2019ils comptent parmi eux des pr\u00eatres et des moines, et\u2026","rel":"","context":"Dans &quot;Pourquoi Suis-je Devenu Musulman ?&quot;","block_context":{"text":"Pourquoi Suis-je Devenu Musulman ?","link":"https:\/\/www.ask-a-muslim.com\/fr\/category\/pourquoi-suis-je-devenu-musulman\/"},"img":{"alt_text":"","src":"","width":0,"height":0},"classes":[]}],"_links":{"self":[{"href":"https:\/\/www.ask-a-muslim.com\/fr\/wp-json\/wp\/v2\/posts\/7671","targetHints":{"allow":["GET"]}}],"collection":[{"href":"https:\/\/www.ask-a-muslim.com\/fr\/wp-json\/wp\/v2\/posts"}],"about":[{"href":"https:\/\/www.ask-a-muslim.com\/fr\/wp-json\/wp\/v2\/types\/post"}],"author":[{"embeddable":true,"href":"https:\/\/www.ask-a-muslim.com\/fr\/wp-json\/wp\/v2\/users\/7"}],"replies":[{"embeddable":true,"href":"https:\/\/www.ask-a-muslim.com\/fr\/wp-json\/wp\/v2\/comments?post=7671"}],"version-history":[{"count":3,"href":"https:\/\/www.ask-a-muslim.com\/fr\/wp-json\/wp\/v2\/posts\/7671\/revisions"}],"predecessor-version":[{"id":11294,"href":"https:\/\/www.ask-a-muslim.com\/fr\/wp-json\/wp\/v2\/posts\/7671\/revisions\/11294"}],"wp:attachment":[{"href":"https:\/\/www.ask-a-muslim.com\/fr\/wp-json\/wp\/v2\/media?parent=7671"}],"wp:term":[{"taxonomy":"category","embeddable":true,"href":"https:\/\/www.ask-a-muslim.com\/fr\/wp-json\/wp\/v2\/categories?post=7671"},{"taxonomy":"post_tag","embeddable":true,"href":"https:\/\/www.ask-a-muslim.com\/fr\/wp-json\/wp\/v2\/tags?post=7671"}],"curies":[{"name":"wp","href":"https:\/\/api.w.org\/{rel}","templated":true}]}}